{"id":1398,"date":"2020-04-04T09:23:53","date_gmt":"2020-04-04T07:23:53","guid":{"rendered":"https:\/\/iuaviabelfjea.byteway.dev\/?p=1398"},"modified":"2020-04-04T09:24:51","modified_gmt":"2020-04-04T07:24:51","slug":"wir-muessen-persoenlicher-werden","status":"publish","type":"post","link":"https:\/\/maennerschmie.de\/index.php\/2020\/04\/04\/wir-muessen-persoenlicher-werden\/","title":{"rendered":"Wir m\u00fcssen pers\u00f6nlicher werden"},"content":{"rendered":"<p>G\u00e4nsehaut- Garantie:<\/p>\n<p>&#8220;Wir m\u00fcssen pers\u00f6nlicher werden\u201c, sagt Dr. Stefan Wachtel im Podcast bei Gabor Steingart, &#8220;Der achte Tag&#8221;: Weil er von dem damals nicht vorhandenen Recht auf Meinungsfreiheit Gebrauch machte, landet er zu DDR-Zeiten im Knast. Er wurde Sprechwissenschaftler (ja, genau so hie\u00df sein Studiengang) und Redentrainer und unterrichtet heute Vorstandschefs und Spitzenpolitiker im richtigen Gebrauch der Worte. F\u00fcr ihn wird diese Krise unsere Kommunikation radikal revolutionieren.<br \/>\nWir werden im Sprechen pers\u00f6nlicher werden m\u00fcssen, weil es an N\u00e4he fehlt.<br \/>\nDie sprachliche Herstellung von N\u00e4he in unserer Sprache wird existenziell werden, wo r\u00e4umliche N\u00e4he nicht mehr m\u00f6glich ist und uns nur die Worte bleiben.<br \/>\nIn Zeiten der Krise haben wir die Chance zu erkennen, was beim Miteinander-Reden das Entscheidende ist. Es ist nicht die Botschaft, es sind nicht wir selbst. Entscheidend sind die anderen.\u201d<br \/>\nMehr hier. https:\/\/mediapioneer.com\/der-achte-tag\/ #15<\/p>\n","protected":false},"excerpt":{"rendered":"<p>G\u00e4nsehaut- Garantie: &#8220;Wir m\u00fcssen pers\u00f6nlicher werden\u201c, sagt Dr. Stefan Wachtel im Podcast bei Gabor Steingart, &#8220;Der achte Tag&#8221;: Weil er von dem damals nicht vorhandenen Recht auf Meinungsfreiheit Gebrauch machte, landet er zu DDR-Zeiten im Knast. Er wurde Sprechwissenschaftler (ja, genau so hie\u00df sein Studiengang) und Redentrainer und unterrichtet heute Vorstandschefs und Spitzenpolitiker im richtigen [&hellip;]<\/p>\n","protected":false},"author":2,"featured_media":0,"comment_status":"closed","ping_status":"closed","sticky":false,"template":"","format":"standard","meta":{"_monsterinsights_skip_tracking":false,"_monsterinsights_sitenote_active":false,"_monsterinsights_sitenote_note":"","_monsterinsights_sitenote_category":0,"footnotes":""},"categories":[1],"tags":[],"class_list":["post-1398","post","type-post","status-publish","format-standard","hentry","category-allgemein"],"_links":{"self":[{"href":"https:\/\/maennerschmie.de\/index.php\/wp-json\/wp\/v2\/posts\/1398","targetHints":{"allow":["GET"]}}],"collection":[{"href":"https:\/\/maennerschmie.de\/index.php\/wp-json\/wp\/v2\/posts"}],"about":[{"href":"https:\/\/maennerschmie.de\/index.php\/wp-json\/wp\/v2\/types\/post"}],"author":[{"embeddable":true,"href":"https:\/\/maennerschmie.de\/index.php\/wp-json\/wp\/v2\/users\/2"}],"replies":[{"embeddable":true,"href":"https:\/\/maennerschmie.de\/index.php\/wp-json\/wp\/v2\/comments?post=1398"}],"version-history":[{"count":0,"href":"https:\/\/maennerschmie.de\/index.php\/wp-json\/wp\/v2\/posts\/1398\/revisions"}],"wp:attachment":[{"href":"https:\/\/maennerschmie.de\/index.php\/wp-json\/wp\/v2\/media?parent=1398"}],"wp:term":[{"taxonomy":"category","embeddable":true,"href":"https:\/\/maennerschmie.de\/index.php\/wp-json\/wp\/v2\/categories?post=1398"},{"taxonomy":"post_tag","embeddable":true,"href":"https:\/\/maennerschmie.de\/index.php\/wp-json\/wp\/v2\/tags?post=1398"}],"curies":[{"name":"wp","href":"https:\/\/api.w.org\/{rel}","templated":true}]}}